{"id":4677,"date":"2024-06-17T09:50:35","date_gmt":"2024-06-17T13:50:35","guid":{"rendered":"https:\/\/eps-sdg.ca\/?p=4677"},"modified":"2024-06-17T09:50:36","modified_gmt":"2024-06-17T13:50:36","slug":"lequipe-psycho-sociale-est-fiere-dannoncer-la-creation-de-la-coalition-communautaire-idea-community-coalition","status":"publish","type":"post","link":"https:\/\/eps-sdg.ca\/en\/lequipe-psycho-sociale-est-fiere-dannoncer-la-creation-de-la-coalition-communautaire-idea-community-coalition\/","title":{"rendered":"L\u2019\u00c9quipe psycho-sociale est fi\u00e8re d\u2019annoncer la cr\u00e9ation de la Coalition communautaire IDEA community Coalition!"},"content":{"rendered":"<p>L\u2019\u00c9quipe psycho-sociale est fi\u00e8re d\u2019annoncer la creation de la Coalition communautaire IDEA community Coalition! Cette coalition va permettre d\u2019entreprendre un travail commun au niveau r\u00e9gional sur les questions d&rsquo;inclusion, d&rsquo;indig\u00e9n\u00e9it\u00e9, de diversit\u00e9, de d\u00e9colonisation, d&rsquo;\u00e9quit\u00e9, d&rsquo;antiracisme et d&rsquo;anti-oppression. Notre engagement dans ce domaine, sign\u00e9 par le Conseil d&rsquo;administration, envoie un message fort \u00e0 la communaut\u00e9. Cette nouvelle coalition, forte de 33 organismes de SDG, unique en Ontario et au pays, ainsi que la nature du travail engag\u00e9 est une source de fiert\u00e9 pour nous toutes et tous \u00e0 l\u2019\u00c9quipe psycho-sociale.\u00a0<a href=\"https:\/\/eps-sdg.ca\/wp-content\/uploads\/2024\/06\/Communique-de-presse-Coalition-Communautaire-IDEA-Community-Coalition.pdf\" data-type=\"link\" data-id=\"https:\/\/eps-sdg.ca\/wp-content\/uploads\/2024\/06\/Communique-de-presse-Coalition-Communautaire-IDEA-Community-Coalition.pdf\" target=\"_blank\" rel=\"noreferrer noopener\">Cliquez ici pour tous les details!<\/a><\/p>","protected":false},"excerpt":{"rendered":"<p>L\u2019\u00c9quipe psycho-sociale est fi\u00e8re d\u2019annoncer la creation de la Coalition communautaire IDEA community Coalition! Cette coalition va permettre d\u2019entreprendre un travail commun au niveau r\u00e9gional sur les questions d&rsquo;inclusion, d&rsquo;indig\u00e9n\u00e9it\u00e9, de diversit\u00e9, de d\u00e9colonisation, d&rsquo;\u00e9quit\u00e9, d&rsquo;antiracisme et d&rsquo;anti-oppression. Notre engagement dans ce domaine, sign\u00e9 par le Conseil d&rsquo;administration, envoie un message fort \u00e0 la communaut\u00e9. [&hellip;]<\/p>\n","protected":false},"author":1,"featured_media":0,"comment_status":"closed","ping_status":"closed","sticky":false,"template":"","format":"standard","meta":{"_et_pb_use_builder":"","_et_pb_old_content":"","_et_gb_content_width":"","footnotes":""},"categories":[12],"tags":[],"class_list":["post-4677","post","type-post","status-publish","format-standard","hentry","category-nouvelles"],"_links":{"self":[{"href":"https:\/\/eps-sdg.ca\/en\/wp-json\/wp\/v2\/posts\/4677","targetHints":{"allow":["GET"]}}],"collection":[{"href":"https:\/\/eps-sdg.ca\/en\/wp-json\/wp\/v2\/posts"}],"about":[{"href":"https:\/\/eps-sdg.ca\/en\/wp-json\/wp\/v2\/types\/post"}],"author":[{"embeddable":true,"href":"https:\/\/eps-sdg.ca\/en\/wp-json\/wp\/v2\/users\/1"}],"replies":[{"embeddable":true,"href":"https:\/\/eps-sdg.ca\/en\/wp-json\/wp\/v2\/comments?post=4677"}],"version-history":[{"count":3,"href":"https:\/\/eps-sdg.ca\/en\/wp-json\/wp\/v2\/posts\/4677\/revisions"}],"predecessor-version":[{"id":4683,"href":"https:\/\/eps-sdg.ca\/en\/wp-json\/wp\/v2\/posts\/4677\/revisions\/4683"}],"wp:attachment":[{"href":"https:\/\/eps-sdg.ca\/en\/wp-json\/wp\/v2\/media?parent=4677"}],"wp:term":[{"taxonomy":"category","embeddable":true,"href":"https:\/\/eps-sdg.ca\/en\/wp-json\/wp\/v2\/categories?post=4677"},{"taxonomy":"post_tag","embeddable":true,"href":"https:\/\/eps-sdg.ca\/en\/wp-json\/wp\/v2\/tags?post=4677"}],"curies":[{"name":"wp","href":"https:\/\/api.w.org\/{rel}","templated":true}]}}